{"id":3102,"date":"2019-10-09T23:03:04","date_gmt":"2019-10-09T23:03:04","guid":{"rendered":"https:\/\/www.mondeando.com\/vivereviaggiando\/?p=3102"},"modified":"2020-04-18T04:45:24","modified_gmt":"2020-04-18T04:45:24","slug":"merida","status":"publish","type":"post","link":"https:\/\/www.mondeando.com\/vivereviaggiando\/diario-di-viaggio\/merida\/","title":{"rendered":"Merida: cosa vedere nella capitale dello Yucatan e la citt\u00e0 gialla di Izamal"},"content":{"rendered":"<h1>Merida e Izamal due citt\u00e0 che valgono il viaggio in Yucatan.<\/h1>\n<p>Da<a href=\"https:\/\/www.mondeando.com\/vivereviaggiando\/messico\/valladolid\/\"> Valladolid<\/a> ci spostiamo a Merida nel tardo pomeriggio. Il primo impatto con Merida \u00e8 pi\u00f9 che positivo, gi\u00e0 solo nel tragitto che dal terminal conduce alla Piazza principale. Alloggiamo in una bella casa coloniale in pieno centro, con terrazza con vista sulla cattedrale di San Ildefonso. La citt\u00e0 al calar del sole \u00e8 pi\u00f9 viva che mai.<\/p>\n<figure id=\"attachment_3104\" aria-describedby=\"caption-attachment-3104\" style=\"width: 1024px\" class=\"wp-caption alignnone\"><a href=\"https:\/\/www.mondeando.com\/vivereviaggiando\/wp-content\/uploads\/2019\/10\/IMG-20190215-WA0005-01.jpeg\"><img loading=\"lazy\" decoding=\"async\" class=\"wp-image-3104 size-large\" src=\"https:\/\/www.mondeando.com\/vivereviaggiando\/wp-content\/uploads\/2019\/10\/IMG-20190215-WA0005-01-1024x768.jpeg\" alt=\"merida\" width=\"1024\" height=\"768\" srcset=\"https:\/\/www.mondeando.com\/vivereviaggiando\/wp-content\/uploads\/2019\/10\/IMG-20190215-WA0005-01-1024x768.jpeg 1024w, https:\/\/www.mondeando.com\/vivereviaggiando\/wp-content\/uploads\/2019\/10\/IMG-20190215-WA0005-01-600x450.jpeg 600w, https:\/\/www.mondeando.com\/vivereviaggiando\/wp-content\/uploads\/2019\/10\/IMG-20190215-WA0005-01-300x225.jpeg 300w, https:\/\/www.mondeando.com\/vivereviaggiando\/wp-content\/uploads\/2019\/10\/IMG-20190215-WA0005-01-768x576.jpeg 768w, https:\/\/www.mondeando.com\/vivereviaggiando\/wp-content\/uploads\/2019\/10\/IMG-20190215-WA0005-01-800x600.jpeg 800w, https:\/\/www.mondeando.com\/vivereviaggiando\/wp-content\/uploads\/2019\/10\/IMG-20190215-WA0005-01-141x106.jpeg 141w, https:\/\/www.mondeando.com\/vivereviaggiando\/wp-content\/uploads\/2019\/10\/IMG-20190215-WA0005-01-380x285.jpeg 380w, https:\/\/www.mondeando.com\/vivereviaggiando\/wp-content\/uploads\/2019\/10\/IMG-20190215-WA0005-01-247x186.jpeg 247w, https:\/\/www.mondeando.com\/vivereviaggiando\/wp-content\/uploads\/2019\/10\/IMG-20190215-WA0005-01.jpeg 1280w\" sizes=\"auto, (max-width: 1024px) 100vw, 1024px\" \/><\/a><figcaption id=\"caption-attachment-3104\" class=\"wp-caption-text\">Appena arrivati a Merida<\/figcaption><\/figure>\n<p>Luca II si perde nella notte ubriacandosi con Eddy un americano svalvolato conosciuto in ostello lo vedo da lontano scendere da una carrozza a cavallo inseguito da mariachi: non ne voglio sapere nulla, faccio finta di non vederlo. Io invece nel frattempo mi godo\u00a0<span style=\"font-size: 1.6rem;\">l\u2019atmosfera rilassata di questa citt\u00e0\u00a0<\/span><span style=\"font-size: 1.6rem;\">provando una Marquesitas, fragola e Nutella seduto su una panchina osservando la gente passeggiare davanti a me.\u00a0<\/span><\/p>\n<p><img loading=\"lazy\" decoding=\"async\" class=\"alignnone size-full wp-image-3230\" src=\"https:\/\/www.mondeando.com\/vivereviaggiando\/wp-content\/uploads\/2019\/10\/52813721_1034458873404929_5240078985538306048_o.jpg\" alt=\"\" width=\"768\" height=\"960\" srcset=\"https:\/\/www.mondeando.com\/vivereviaggiando\/wp-content\/uploads\/2019\/10\/52813721_1034458873404929_5240078985538306048_o.jpg 768w, https:\/\/www.mondeando.com\/vivereviaggiando\/wp-content\/uploads\/2019\/10\/52813721_1034458873404929_5240078985538306048_o-240x300.jpg 240w, https:\/\/www.mondeando.com\/vivereviaggiando\/wp-content\/uploads\/2019\/10\/52813721_1034458873404929_5240078985538306048_o-600x750.jpg 600w\" sizes=\"auto, (max-width: 768px) 100vw, 768px\" \/><\/p>\n<p><strong>12 Febbraio 2019 \u2013 Giorno 21: Merida.<\/strong><\/p>\n<p>Hanno quasi cacciato Luca dall\u2019ostello per via della sua notte di follia, siamo costretti a cambiare ostello, andiamo in un quartiere fuori dal centro ma ricco di locali e ristoranti lungo il Paseo de Montejo come direbbero qui in Messico un quartiere \u201cFresa\u201d (fragola) ossia fighetto traducendolo alla milanese. Il posto \u00e8 perfetto per lavorare un po al blog e portarsi alla pari con il diario. La sera nella piazza vicina si cucina, mentre uno show di danza folkloristica ci allieta l\u2019attesa prima di andare alla Mezcaleria, un divertente locale che dal nome si intuisce benissimo qual \u00e8 la specialit\u00e0 della casa.<\/p>\n<p><img loading=\"lazy\" decoding=\"async\" class=\"alignnone size-large wp-image-3233\" src=\"https:\/\/www.mondeando.com\/vivereviaggiando\/wp-content\/uploads\/2019\/10\/5814ccda-4a17-46cc-8cdf-0ecd00b8a789-1024x749.jpg\" alt=\"\" width=\"1024\" height=\"749\" srcset=\"https:\/\/www.mondeando.com\/vivereviaggiando\/wp-content\/uploads\/2019\/10\/5814ccda-4a17-46cc-8cdf-0ecd00b8a789-1024x749.jpg 1024w, https:\/\/www.mondeando.com\/vivereviaggiando\/wp-content\/uploads\/2019\/10\/5814ccda-4a17-46cc-8cdf-0ecd00b8a789-300x219.jpg 300w, https:\/\/www.mondeando.com\/vivereviaggiando\/wp-content\/uploads\/2019\/10\/5814ccda-4a17-46cc-8cdf-0ecd00b8a789-768x562.jpg 768w, https:\/\/www.mondeando.com\/vivereviaggiando\/wp-content\/uploads\/2019\/10\/5814ccda-4a17-46cc-8cdf-0ecd00b8a789-600x439.jpg 600w, https:\/\/www.mondeando.com\/vivereviaggiando\/wp-content\/uploads\/2019\/10\/5814ccda-4a17-46cc-8cdf-0ecd00b8a789-800x585.jpg 800w, https:\/\/www.mondeando.com\/vivereviaggiando\/wp-content\/uploads\/2019\/10\/5814ccda-4a17-46cc-8cdf-0ecd00b8a789.jpg 1600w\" sizes=\"auto, (max-width: 1024px) 100vw, 1024px\" \/><\/p>\n<p><strong>13 Febbraio 2019 \u2013 Giorno 22: Izamal.<\/strong><\/p>\n<p>Oggi si va tutti in gita a Izamal. Dato che siamo i soliti spilorci ci andiamo con un collettivo che partono nella zona del mercato San Benito. Verso l\u2019ora di pranzo arriviamo nella citt\u00e0 Gialla di Izamal. Ci saranno 40\u00b0 sento che mi sto letteralmente cuocendo sotto al sole.<\/p>\n<p>Prima di perdersi in questo mondo giallo, mangiamo panucho yucteco, servito da una buffa signora Maya, 1.20 di pura cattiveria e scortesia. Fuori dal \u201cChangarro\u201d c\u2019\u00e8 subito il pezzo forte della citt\u00e0: il convento di San Antonio da Padova il pi\u00f9 grande del Messico. Ma tra le vie gialle di Izamal emergono anche varie piramidi Maya che non visiteremo in quanto stufi di vedere cumoli di pietra. Con tutto il rispetto per la storia di questo popolo, una volta che visiti un paio di siti archeologici, sono abbastanza e dato che andremo a Palenque, ci sar\u00e0 ancora molto da scoprire su questa civilt\u00e0, non oggi, non con 40\u00b0 all\u2019ombra.<\/p>\n<p><img loading=\"lazy\" decoding=\"async\" class=\"alignnone size-full wp-image-3231\" src=\"https:\/\/www.mondeando.com\/vivereviaggiando\/wp-content\/uploads\/2019\/10\/54519292_10218236807452567_2170739654662291456_n.jpg\" alt=\"\" width=\"960\" height=\"640\" srcset=\"https:\/\/www.mondeando.com\/vivereviaggiando\/wp-content\/uploads\/2019\/10\/54519292_10218236807452567_2170739654662291456_n.jpg 960w, https:\/\/www.mondeando.com\/vivereviaggiando\/wp-content\/uploads\/2019\/10\/54519292_10218236807452567_2170739654662291456_n-300x200.jpg 300w, https:\/\/www.mondeando.com\/vivereviaggiando\/wp-content\/uploads\/2019\/10\/54519292_10218236807452567_2170739654662291456_n-768x512.jpg 768w, https:\/\/www.mondeando.com\/vivereviaggiando\/wp-content\/uploads\/2019\/10\/54519292_10218236807452567_2170739654662291456_n-600x400.jpg 600w, https:\/\/www.mondeando.com\/vivereviaggiando\/wp-content\/uploads\/2019\/10\/54519292_10218236807452567_2170739654662291456_n-800x533.jpg 800w, https:\/\/www.mondeando.com\/vivereviaggiando\/wp-content\/uploads\/2019\/10\/54519292_10218236807452567_2170739654662291456_n-227x152.jpg 227w, https:\/\/www.mondeando.com\/vivereviaggiando\/wp-content\/uploads\/2019\/10\/54519292_10218236807452567_2170739654662291456_n-143x96.jpg 143w, https:\/\/www.mondeando.com\/vivereviaggiando\/wp-content\/uploads\/2019\/10\/54519292_10218236807452567_2170739654662291456_n-585x390.jpg 585w, https:\/\/www.mondeando.com\/vivereviaggiando\/wp-content\/uploads\/2019\/10\/54519292_10218236807452567_2170739654662291456_n-385x257.jpg 385w\" sizes=\"auto, (max-width: 960px) 100vw, 960px\" \/><\/p>\n<p>Verso sera, soddisfatti della visita, ritorniamo a Merid\u00e0 nella sua ora di punta. Tantissima gente per strada affolla ogni angolo, ogni negozio, il traffico \u00e8 quasi paralizzato, un orda umana intenta a fare quello che durante il giorno non vuole fare per il troppo calore. Che spettacolo continuo a ripetermi, almeno per me che non ho nulla da fare e mi limito a osservare. La sera ci rechiamo come sempre alla Mezcaleria ormai diventato il nostro locale preferito.<\/p>\n<p><strong>14 Febbraio 2019 \u2013 Giorno 23: Merida.<\/strong><\/p>\n<p>Dopo soli 4 giorni finalmente visito Merida. Facciamo una colazione all\u2019italiana con cappuccino e brioche e poi partiamo iniziamo la visita alla \u201cciudad blanca\u201d che cosi bianca non sembra e ci sono varie teorie a riguardo della sua denominazione poco interessanti. Iniziamo dal Mercato San Benito che avevamo visto solo da fuori.<\/p>\n<p><img loading=\"lazy\" decoding=\"async\" class=\"alignnone size-large wp-image-3232\" src=\"https:\/\/www.mondeando.com\/vivereviaggiando\/wp-content\/uploads\/2019\/10\/ef6d515e-fb0f-4bf7-9e43-16663c15eeef-768x1024.jpg\" alt=\"\" width=\"768\" height=\"1024\" srcset=\"https:\/\/www.mondeando.com\/vivereviaggiando\/wp-content\/uploads\/2019\/10\/ef6d515e-fb0f-4bf7-9e43-16663c15eeef-768x1024.jpg 768w, https:\/\/www.mondeando.com\/vivereviaggiando\/wp-content\/uploads\/2019\/10\/ef6d515e-fb0f-4bf7-9e43-16663c15eeef-225x300.jpg 225w, https:\/\/www.mondeando.com\/vivereviaggiando\/wp-content\/uploads\/2019\/10\/ef6d515e-fb0f-4bf7-9e43-16663c15eeef-600x800.jpg 600w, https:\/\/www.mondeando.com\/vivereviaggiando\/wp-content\/uploads\/2019\/10\/ef6d515e-fb0f-4bf7-9e43-16663c15eeef-800x1067.jpg 800w, https:\/\/www.mondeando.com\/vivereviaggiando\/wp-content\/uploads\/2019\/10\/ef6d515e-fb0f-4bf7-9e43-16663c15eeef-380x507.jpg 380w, https:\/\/www.mondeando.com\/vivereviaggiando\/wp-content\/uploads\/2019\/10\/ef6d515e-fb0f-4bf7-9e43-16663c15eeef-247x330.jpg 247w, https:\/\/www.mondeando.com\/vivereviaggiando\/wp-content\/uploads\/2019\/10\/ef6d515e-fb0f-4bf7-9e43-16663c15eeef-278x371.jpg 278w, https:\/\/www.mondeando.com\/vivereviaggiando\/wp-content\/uploads\/2019\/10\/ef6d515e-fb0f-4bf7-9e43-16663c15eeef.jpg 1200w\" sizes=\"auto, (max-width: 768px) 100vw, 768px\" \/><\/p>\n<p>Questa volta ci addentriamo, venendo travolti da folla, profumi e merci di ogni genere. Provo un sacco di cose, troppe da poter ricordare cosa ho mangiato. Sicuro era tutto poco sano, untissimo e dalla dubbia igene, ma ormai ho gli anticorpi sviluppati per questo genere di pietanze. Nel ritornare verso casa passiamo da Plaza Grande, dove ci sono gli edifici storici pi\u00f9 importanti come la Cattedrale di san Idefonso e la casa di Montejo il fondatore della citt\u00e0.<\/p>\n<p><img loading=\"lazy\" decoding=\"async\" class=\"alignnone size-full wp-image-3234\" src=\"https:\/\/www.mondeando.com\/vivereviaggiando\/wp-content\/uploads\/2019\/10\/52865299_1034458916738258_4543536745844572160_o.jpg\" alt=\"\" width=\"768\" height=\"960\" srcset=\"https:\/\/www.mondeando.com\/vivereviaggiando\/wp-content\/uploads\/2019\/10\/52865299_1034458916738258_4543536745844572160_o.jpg 768w, https:\/\/www.mondeando.com\/vivereviaggiando\/wp-content\/uploads\/2019\/10\/52865299_1034458916738258_4543536745844572160_o-240x300.jpg 240w, https:\/\/www.mondeando.com\/vivereviaggiando\/wp-content\/uploads\/2019\/10\/52865299_1034458916738258_4543536745844572160_o-600x750.jpg 600w\" sizes=\"auto, (max-width: 768px) 100vw, 768px\" \/><\/p>\n<p>Il centro storico \u00e8 davvero enorme, perdersi per le sue vie coloniali \u00e8 davvero piacevole, in pi\u00f9 essendo san valentino \u00e8 tutto pi\u00f9 romantico. Mi sta proprio piacendo Merida, nel 2017 \u00e8 stata la capitale mondiale della cultura e intuisco il motivo, mostre, gallerie, esposizioni e la sera balli tradizionali, musica in vivo, il tutto senza pagare un centesimo.<\/p>\n<p>Non abbiamo avuto modo di visitare le rovine Maya di Uxmal per il semplice motivo che la tappa successiva sarebbe stata Palenque, a detta di molti le migliori rovine Maya del Messico.<\/p>\n","protected":false},"excerpt":{"rendered":"<p>Merida e Izamal due citt\u00e0 che valgono il viaggio in Yucatan. Da Valladolid ci spostiamo a Merida nel tardo pomeriggio. Il primo impatto con Merida \u00e8 pi\u00f9 che positivo, gi\u00e0 solo nel tragitto che dal terminal conduce alla Piazza principale. Alloggiamo in una bella casa coloniale in pieno centro, con terrazza con vista sulla cattedrale <a class=\"read-more-link\" href=\"https:\/\/www.mondeando.com\/vivereviaggiando\/diario-di-viaggio\/merida\/\">Read More<\/a><\/p>\n","protected":false},"author":4,"featured_media":3105,"comment_status":"open","ping_status":"open","sticky":false,"template":"","format":"standard","meta":{"footnotes":""},"categories":[543,5],"tags":[776,775,298,774,600,476,620],"class_list":["post-3102","post","type-post","status-publish","format-standard","has-post-thumbnail","hentry","category-diario-di-viaggio","category-messico","tag-citta-gialla","tag-izamal","tag-mercato","tag-merida","tag-messico","tag-viaggiare","tag-yucatan"],"_links":{"self":[{"href":"https:\/\/www.mondeando.com\/vivereviaggiando\/wp-json\/wp\/v2\/posts\/3102","targetHints":{"allow":["GET"]}}],"collection":[{"href":"https:\/\/www.mondeando.com\/vivereviaggiando\/wp-json\/wp\/v2\/posts"}],"about":[{"href":"https:\/\/www.mondeando.com\/vivereviaggiando\/wp-json\/wp\/v2\/types\/post"}],"author":[{"embeddable":true,"href":"https:\/\/www.mondeando.com\/vivereviaggiando\/wp-json\/wp\/v2\/users\/4"}],"replies":[{"embeddable":true,"href":"https:\/\/www.mondeando.com\/vivereviaggiando\/wp-json\/wp\/v2\/comments?post=3102"}],"version-history":[{"count":6,"href":"https:\/\/www.mondeando.com\/vivereviaggiando\/wp-json\/wp\/v2\/posts\/3102\/revisions"}],"predecessor-version":[{"id":3236,"href":"https:\/\/www.mondeando.com\/vivereviaggiando\/wp-json\/wp\/v2\/posts\/3102\/revisions\/3236"}],"wp:featuredmedia":[{"embeddable":true,"href":"https:\/\/www.mondeando.com\/vivereviaggiando\/wp-json\/wp\/v2\/media\/3105"}],"wp:attachment":[{"href":"https:\/\/www.mondeando.com\/vivereviaggiando\/wp-json\/wp\/v2\/media?parent=3102"}],"wp:term":[{"taxonomy":"category","embeddable":true,"href":"https:\/\/www.mondeando.com\/vivereviaggiando\/wp-json\/wp\/v2\/categories?post=3102"},{"taxonomy":"post_tag","embeddable":true,"href":"https:\/\/www.mondeando.com\/vivereviaggiando\/wp-json\/wp\/v2\/tags?post=3102"}],"curies":[{"name":"wp","href":"https:\/\/api.w.org\/{rel}","templated":true}]}}