{"id":1940,"date":"2019-01-02T00:23:59","date_gmt":"2019-01-02T00:23:59","guid":{"rendered":"https:\/\/www.mondeando.com\/vivereviaggiando\/?p=1940"},"modified":"2020-04-18T09:26:05","modified_gmt":"2020-04-18T09:26:05","slug":"salar-de-uyuni","status":"publish","type":"post","link":"https:\/\/www.mondeando.com\/vivereviaggiando\/sud-america\/salar-de-uyuni\/","title":{"rendered":"Salar De Uyuni da Tupiza: Diario di viaggio"},"content":{"rendered":"<h1>Salar de Uyuni: 4 giorni a 4000mt. Tra lagune vulcani e cieli stellati.<\/h1>\n<p><span style=\"font-weight: 400;\">Da Potos\u00ec Raggiungiamo Tupiza per partire verso il Salar de Uyuny. I tour partono anche da San Pedro de Atacama e da <strong>Uyuni<\/strong>, ma questi durano un giorno in meno rispetto a quelli che partono da <strong>Tupiza<\/strong>.\u00a0<\/span><span style=\"font-weight: 400;\">Naturalmente i tour pi\u00f9 brevi sono anche i pi\u00f9 economici (e pagando un po\u2019 di pi\u00f9, ovviamente, si possono fare tour personalizzati, anche di pi\u00f9 giorni).\u00a0<\/span><span style=\"font-weight: 400;\">Solitamente io non mi affido ad <strong>agenzie<\/strong>, ma se non si ha un mezzo 4&#215;4 \u00a0proprio \u00e8 impensabile avventurarsi da soli nel Salar.<\/span><\/p>\n<p><img loading=\"lazy\" decoding=\"async\" class=\"alignnone size-full wp-image-3344\" src=\"https:\/\/www.mondeando.com\/vivereviaggiando\/wp-content\/uploads\/2019\/01\/25592081_10214581635835561_8146598343790903691_n.jpg\" alt=\"\" width=\"960\" height=\"681\" srcset=\"https:\/\/www.mondeando.com\/vivereviaggiando\/wp-content\/uploads\/2019\/01\/25592081_10214581635835561_8146598343790903691_n.jpg 960w, https:\/\/www.mondeando.com\/vivereviaggiando\/wp-content\/uploads\/2019\/01\/25592081_10214581635835561_8146598343790903691_n-300x213.jpg 300w, https:\/\/www.mondeando.com\/vivereviaggiando\/wp-content\/uploads\/2019\/01\/25592081_10214581635835561_8146598343790903691_n-768x545.jpg 768w, https:\/\/www.mondeando.com\/vivereviaggiando\/wp-content\/uploads\/2019\/01\/25592081_10214581635835561_8146598343790903691_n-600x426.jpg 600w, https:\/\/www.mondeando.com\/vivereviaggiando\/wp-content\/uploads\/2019\/01\/25592081_10214581635835561_8146598343790903691_n-800x568.jpg 800w\" sizes=\"auto, (max-width: 960px) 100vw, 960px\" \/><\/p>\n<p><span style=\"font-weight: 400;\"> Allo stesso modo, di solito non consiglio agenzie, ma lasciatemelo dire: l&#8217;esperienza con <strong>Panchito<\/strong> de <strong>&#8221;La torre Tours&#8221; <\/strong>ha cambiato per me totalmente la prospettiva da cui vedere il viaggio. Nativo del posto, cresciuto tra queste terre, Panchito ne conosce ogni singolo elemento. Continua a ripetere che non \u00e8 un uomo di scienza e che tutto quello che sa, lo deve alla natura stessa.<\/span><\/p>\n<p><span style=\"font-weight: 400;\">Oltre alla gentilezza e alla professionalit\u00e0, questo tour guidato\u00a0 garantisce dei piccoli comfort, come una doccia calda alla fine del terzo giorno e un ottima cucina.<\/span><\/p>\n<p><span style=\"font-weight: 400;\"> Mi permetto di dare questo giudizio poich\u00e8 \u00e8 la seconda volta che visito il<strong> Salar de Uyuni<\/strong> e durante la precedente esperienza avevo ricevuto un trattamento decisamente diverso.<\/span><\/p>\n<p><img loading=\"lazy\" decoding=\"async\" class=\"alignnone size-full wp-image-3343\" src=\"https:\/\/www.mondeando.com\/vivereviaggiando\/wp-content\/uploads\/2019\/01\/29542882_10215496796554007_8140732984872960772_n.jpg\" alt=\"\" width=\"960\" height=\"720\" srcset=\"https:\/\/www.mondeando.com\/vivereviaggiando\/wp-content\/uploads\/2019\/01\/29542882_10215496796554007_8140732984872960772_n.jpg 960w, https:\/\/www.mondeando.com\/vivereviaggiando\/wp-content\/uploads\/2019\/01\/29542882_10215496796554007_8140732984872960772_n-300x225.jpg 300w, https:\/\/www.mondeando.com\/vivereviaggiando\/wp-content\/uploads\/2019\/01\/29542882_10215496796554007_8140732984872960772_n-768x576.jpg 768w, https:\/\/www.mondeando.com\/vivereviaggiando\/wp-content\/uploads\/2019\/01\/29542882_10215496796554007_8140732984872960772_n-600x450.jpg 600w, https:\/\/www.mondeando.com\/vivereviaggiando\/wp-content\/uploads\/2019\/01\/29542882_10215496796554007_8140732984872960772_n-800x600.jpg 800w, https:\/\/www.mondeando.com\/vivereviaggiando\/wp-content\/uploads\/2019\/01\/29542882_10215496796554007_8140732984872960772_n-141x106.jpg 141w, https:\/\/www.mondeando.com\/vivereviaggiando\/wp-content\/uploads\/2019\/01\/29542882_10215496796554007_8140732984872960772_n-380x285.jpg 380w, https:\/\/www.mondeando.com\/vivereviaggiando\/wp-content\/uploads\/2019\/01\/29542882_10215496796554007_8140732984872960772_n-247x186.jpg 247w\" sizes=\"auto, (max-width: 960px) 100vw, 960px\" \/><img loading=\"lazy\" decoding=\"async\" class=\"alignnone size-large\" src=\"https:\/\/scontent.fisj1-1.fna.fbcdn.net\/v\/t1.0-9\/25508084_10214581249145894_276041010867053898_n.jpg?_nc_cat=104&amp;_nc_oc=AQnNUiYzfuRRPuq7llYEQ5koBdbOr79Hq-cONxTsc_9H9tDMmUKkjrn-t9qflPM5Dag&amp;_nc_ht=scontent.fisj1-1.fna&amp;oh=5f5a3bd99ed59fc6ccc14c139bb34b96&amp;oe=5E3B32A7\" width=\"960\" height=\"720\" \/><span style=\"font-size: 1.6rem;\">Faccio qui una premessa: il <\/span><strong style=\"font-size: 1.6rem;\">Salar<\/strong><span style=\"font-size: 1.6rem;\"> \u00e8 un luogo inospitale, l&#8217;altitudine pu\u00f2 far stare male per l&#8217;intero percorso (che nel mio caso supera i 1200 km), lungo il quale non ci sono ospedali per le persone, n\u00e8 \u00a0meccanici per riparare le auto.<\/span><\/p>\n<p><span style=\"font-weight: 400;\">Si respira tanta polvere, solitamente non si ha opportunit\u00e0 di lavarsi e si alloggia in hotel di sale senza riscaldamento. Bisogna tener conto che, se succedono degli imprevisti, ci si ritrova senza rete telefonica <strong>isolati dal mondo<\/strong> e bisogner\u00e0 portare pazienza e resistere. <\/span><\/p>\n<p><span style=\"font-weight: 400;\">Se siete pronti ad accettare queste condizioni, sarete pronti per immergervi in un <strong>mondo meraviglioso<\/strong> che difficilmente avrete l\u2019opportunit\u00e0 di ammirare altrove. <\/span><\/p>\n<p><img loading=\"lazy\" decoding=\"async\" class=\"alignnone size-full wp-image-3342\" src=\"https:\/\/www.mondeando.com\/vivereviaggiando\/wp-content\/uploads\/2019\/01\/25507979_10214581624835286_3119582019809959489_n.jpg\" alt=\"\" width=\"960\" height=\"640\" srcset=\"https:\/\/www.mondeando.com\/vivereviaggiando\/wp-content\/uploads\/2019\/01\/25507979_10214581624835286_3119582019809959489_n.jpg 960w, https:\/\/www.mondeando.com\/vivereviaggiando\/wp-content\/uploads\/2019\/01\/25507979_10214581624835286_3119582019809959489_n-300x200.jpg 300w, https:\/\/www.mondeando.com\/vivereviaggiando\/wp-content\/uploads\/2019\/01\/25507979_10214581624835286_3119582019809959489_n-768x512.jpg 768w, https:\/\/www.mondeando.com\/vivereviaggiando\/wp-content\/uploads\/2019\/01\/25507979_10214581624835286_3119582019809959489_n-600x400.jpg 600w, https:\/\/www.mondeando.com\/vivereviaggiando\/wp-content\/uploads\/2019\/01\/25507979_10214581624835286_3119582019809959489_n-800x533.jpg 800w, https:\/\/www.mondeando.com\/vivereviaggiando\/wp-content\/uploads\/2019\/01\/25507979_10214581624835286_3119582019809959489_n-227x152.jpg 227w, https:\/\/www.mondeando.com\/vivereviaggiando\/wp-content\/uploads\/2019\/01\/25507979_10214581624835286_3119582019809959489_n-143x96.jpg 143w, https:\/\/www.mondeando.com\/vivereviaggiando\/wp-content\/uploads\/2019\/01\/25507979_10214581624835286_3119582019809959489_n-585x390.jpg 585w, https:\/\/www.mondeando.com\/vivereviaggiando\/wp-content\/uploads\/2019\/01\/25507979_10214581624835286_3119582019809959489_n-385x257.jpg 385w\" sizes=\"auto, (max-width: 960px) 100vw, 960px\" \/><\/p>\n<p><strong>Giorno 1 Tupiza \u2013 Quetena<\/strong><\/p>\n<p><span style=\"font-weight: 400;\">Il mio viaggio inizia a <strong>Tupiza<\/strong>, all&#8217;alba, a bordo di una 4&#215;4, parte di una carovana di altri due fuoristrada. Avendo io gi\u00e0 avuto esperienza del tour di 3 giorni qualche anno prima, \u00a0vorrei verificare se partire da <strong>Tupiza<\/strong> valga davvero la pena e la mia risposta a posteriori, sinceramente, \u00e8 no. La parte migliore del viaggio rimane lungo il percorso classico.<\/span><\/p>\n<p><img loading=\"lazy\" decoding=\"async\" class=\"alignnone size-full wp-image-3341\" src=\"https:\/\/www.mondeando.com\/vivereviaggiando\/wp-content\/uploads\/2019\/01\/25498105_10214559116392589_5633147270194831840_n.jpg\" alt=\"\" width=\"960\" height=\"640\" srcset=\"https:\/\/www.mondeando.com\/vivereviaggiando\/wp-content\/uploads\/2019\/01\/25498105_10214559116392589_5633147270194831840_n.jpg 960w, https:\/\/www.mondeando.com\/vivereviaggiando\/wp-content\/uploads\/2019\/01\/25498105_10214559116392589_5633147270194831840_n-300x200.jpg 300w, https:\/\/www.mondeando.com\/vivereviaggiando\/wp-content\/uploads\/2019\/01\/25498105_10214559116392589_5633147270194831840_n-768x512.jpg 768w, https:\/\/www.mondeando.com\/vivereviaggiando\/wp-content\/uploads\/2019\/01\/25498105_10214559116392589_5633147270194831840_n-600x400.jpg 600w, https:\/\/www.mondeando.com\/vivereviaggiando\/wp-content\/uploads\/2019\/01\/25498105_10214559116392589_5633147270194831840_n-800x533.jpg 800w, https:\/\/www.mondeando.com\/vivereviaggiando\/wp-content\/uploads\/2019\/01\/25498105_10214559116392589_5633147270194831840_n-227x152.jpg 227w, https:\/\/www.mondeando.com\/vivereviaggiando\/wp-content\/uploads\/2019\/01\/25498105_10214559116392589_5633147270194831840_n-143x96.jpg 143w, https:\/\/www.mondeando.com\/vivereviaggiando\/wp-content\/uploads\/2019\/01\/25498105_10214559116392589_5633147270194831840_n-585x390.jpg 585w, https:\/\/www.mondeando.com\/vivereviaggiando\/wp-content\/uploads\/2019\/01\/25498105_10214559116392589_5633147270194831840_n-385x257.jpg 385w\" sizes=\"auto, (max-width: 960px) 100vw, 960px\" \/><\/p>\n<p><span style=\"font-weight: 400;\">In ogni caso, vi racconto nel dettaglio quello che ho potuto ammirare durante questo tour del Salar de <strong>Uyuni<\/strong>. Le prime tappe sono la <strong>Quebrada Palala<\/strong> e il <strong>Sillar<\/strong>. Forse questa \u00e8 la parte pi\u00f9 interessante della giornata: qui pinnacoli appuntiti di pietra, rossi come il fuoco, sezionano il paesaggio.<\/span><\/p>\n<p><span style=\"font-weight: 400;\"> Queste formazioni rocciose caratterizzano i dintorni di<strong> Tupiza<\/strong> e qui \u00e8 molto bello girare a cavallo. Proseguendo sul sentiero sterrato, i paesaggi iniziano a mutare. Arriviamo a toccare i 4855 mt. di altitudine. <\/span><\/p>\n<p><span style=\"font-weight: 400;\">Nei pressi di <strong>Awanapampa<\/strong>, dove addirittura inizia a nevicare. In macchina, Panchito ci lascia ascoltare la nostra musica: sembriamo un gruppo di vecchi amici che non si vedevano da anni, c&#8217;\u00e8 una bellissima atmosfera.<\/span><\/p>\n<p><img loading=\"lazy\" decoding=\"async\" class=\"alignnone size-full wp-image-3340\" src=\"https:\/\/www.mondeando.com\/vivereviaggiando\/wp-content\/uploads\/2019\/01\/25442737_10214559120472691_2736537114010931788_n.jpg\" alt=\"\" width=\"960\" height=\"640\" srcset=\"https:\/\/www.mondeando.com\/vivereviaggiando\/wp-content\/uploads\/2019\/01\/25442737_10214559120472691_2736537114010931788_n.jpg 960w, https:\/\/www.mondeando.com\/vivereviaggiando\/wp-content\/uploads\/2019\/01\/25442737_10214559120472691_2736537114010931788_n-300x200.jpg 300w, https:\/\/www.mondeando.com\/vivereviaggiando\/wp-content\/uploads\/2019\/01\/25442737_10214559120472691_2736537114010931788_n-768x512.jpg 768w, https:\/\/www.mondeando.com\/vivereviaggiando\/wp-content\/uploads\/2019\/01\/25442737_10214559120472691_2736537114010931788_n-600x400.jpg 600w, https:\/\/www.mondeando.com\/vivereviaggiando\/wp-content\/uploads\/2019\/01\/25442737_10214559120472691_2736537114010931788_n-800x533.jpg 800w, https:\/\/www.mondeando.com\/vivereviaggiando\/wp-content\/uploads\/2019\/01\/25442737_10214559120472691_2736537114010931788_n-227x152.jpg 227w, https:\/\/www.mondeando.com\/vivereviaggiando\/wp-content\/uploads\/2019\/01\/25442737_10214559120472691_2736537114010931788_n-143x96.jpg 143w, https:\/\/www.mondeando.com\/vivereviaggiando\/wp-content\/uploads\/2019\/01\/25442737_10214559120472691_2736537114010931788_n-585x390.jpg 585w, https:\/\/www.mondeando.com\/vivereviaggiando\/wp-content\/uploads\/2019\/01\/25442737_10214559120472691_2736537114010931788_n-385x257.jpg 385w\" sizes=\"auto, (max-width: 960px) 100vw, 960px\" \/><\/p>\n<p><span style=\"font-weight: 400;\">Bellissimi panorami mi accompagnano fino a <strong>Cerrillos<\/strong>, dove pranzer\u00f2 con tutto il gruppo. Del resto della prima giornata, l&#8217;unica cosa degna di nota \u00e8 la visita a <strong>San Antonio de Lipez<\/strong>, una cittadina nata attorno ad una miniera d\u2019argento. Il paese \u00e8 stato abbandonato perch\u00e8 maledetto da un infranto patto con il diavolo e ora dicono sia infestato di fantasmi.<\/span><\/p>\n<p><span style=\"font-weight: 400;\">In seguito, tanti, forse troppi chilometri a tratti monotoni per arrivare a <strong>Quetena<\/strong>, dove alloggiamo per la prima notte. La sera \u00e8 facile conoscere tutto il gruppo della carovana. Si mangia tutti insieme verso le 7:00, del gruppo fanno parte viaggiatori da tutto il mondo. <\/span><\/p>\n<p><span style=\"font-weight: 400;\">Ci sono tante storie interessanti da ascoltare, ma quando si ha una guida come <strong>Panchito<\/strong> tutto il resto \u00e8 superfluo. Con la sua voce da cartone animato ci racconta la favola della buonanotte, ovvero la storia della Bolivia, partendo dalla scoperta delle americhe da parte di Colombo.<br \/>\n<\/span><span style=\"font-weight: 400;\">Ogni sera un episodio diverso. Credo di amare quest&#8217;uomo!<\/span><\/p>\n<p><img loading=\"lazy\" decoding=\"async\" class=\"alignnone size-full wp-image-3339\" src=\"https:\/\/www.mondeando.com\/vivereviaggiando\/wp-content\/uploads\/2019\/01\/29542532_10215496799194073_3177210007529385236_n.jpg\" alt=\"\" width=\"960\" height=\"795\" srcset=\"https:\/\/www.mondeando.com\/vivereviaggiando\/wp-content\/uploads\/2019\/01\/29542532_10215496799194073_3177210007529385236_n.jpg 960w, https:\/\/www.mondeando.com\/vivereviaggiando\/wp-content\/uploads\/2019\/01\/29542532_10215496799194073_3177210007529385236_n-300x248.jpg 300w, https:\/\/www.mondeando.com\/vivereviaggiando\/wp-content\/uploads\/2019\/01\/29542532_10215496799194073_3177210007529385236_n-768x636.jpg 768w, https:\/\/www.mondeando.com\/vivereviaggiando\/wp-content\/uploads\/2019\/01\/29542532_10215496799194073_3177210007529385236_n-600x497.jpg 600w, https:\/\/www.mondeando.com\/vivereviaggiando\/wp-content\/uploads\/2019\/01\/29542532_10215496799194073_3177210007529385236_n-800x663.jpg 800w\" sizes=\"auto, (max-width: 960px) 100vw, 960px\" \/><\/p>\n<p><strong>Giorno 2 Quetena \u2013 Huayllajara<\/strong><\/p>\n<p><span style=\"font-weight: 400;\">Le levatacce mattutine sono una delle caratteristiche di questi tour, ma fortunatamente le colazioni sono abbondanti. Il secondo giorno \u00e8 il giorno delle lagune. Noi partiamo per primi e ci addentriamo nella <strong>Reserva Nacional de Fauna Andina Eduardo Abaroa<\/strong> (qui si paga l&#8217;ingresso al parco, non incluso nel pacchetto di 150 bob \/ 19\u20ac): in meno di un\u2019ora siamo alla prima laguna.<\/span><\/p>\n<p><span style=\"font-weight: 400;\"> Questa si chiama <strong>Kollpa<\/strong> e non \u00e8 niente di eccezionale, serve pi\u00f9 che altro a Panchito per farci una lezione di chimica. Attraversiamo la <strong>Laguna Salada<\/strong> (che \u00e8 una piccola anticipazione di quello che vedremo nel Salar), fiancheggiamo la <strong>Laguna Chalviri<\/strong> e poco pi\u00f9 avanti raggiungiamo le<strong> terme di Polque.<\/strong><\/span><\/p>\n<p><img loading=\"lazy\" decoding=\"async\" class=\"alignnone size-full wp-image-3331\" src=\"https:\/\/www.mondeando.com\/vivereviaggiando\/wp-content\/uploads\/2019\/01\/29541827_10215496790953867_9119967665099773584_n.jpg\" alt=\"\" width=\"960\" height=\"720\" srcset=\"https:\/\/www.mondeando.com\/vivereviaggiando\/wp-content\/uploads\/2019\/01\/29541827_10215496790953867_9119967665099773584_n.jpg 960w, https:\/\/www.mondeando.com\/vivereviaggiando\/wp-content\/uploads\/2019\/01\/29541827_10215496790953867_9119967665099773584_n-300x225.jpg 300w, https:\/\/www.mondeando.com\/vivereviaggiando\/wp-content\/uploads\/2019\/01\/29541827_10215496790953867_9119967665099773584_n-768x576.jpg 768w, https:\/\/www.mondeando.com\/vivereviaggiando\/wp-content\/uploads\/2019\/01\/29541827_10215496790953867_9119967665099773584_n-600x450.jpg 600w, https:\/\/www.mondeando.com\/vivereviaggiando\/wp-content\/uploads\/2019\/01\/29541827_10215496790953867_9119967665099773584_n-800x600.jpg 800w, https:\/\/www.mondeando.com\/vivereviaggiando\/wp-content\/uploads\/2019\/01\/29541827_10215496790953867_9119967665099773584_n-141x106.jpg 141w, https:\/\/www.mondeando.com\/vivereviaggiando\/wp-content\/uploads\/2019\/01\/29541827_10215496790953867_9119967665099773584_n-380x285.jpg 380w, https:\/\/www.mondeando.com\/vivereviaggiando\/wp-content\/uploads\/2019\/01\/29541827_10215496790953867_9119967665099773584_n-247x186.jpg 247w\" sizes=\"auto, (max-width: 960px) 100vw, 960px\" \/><\/p>\n<p><span style=\"font-weight: 400;\">Qui ci si pu\u00f2 mettere in costume e godersi un bel bagno caldo (l&#8217;ingresso \u00e8 a pagamento: 1$). Le piscine sono sempre molto affollate, quindi io preferisco fare un giro per scattare foto.<\/span><\/p>\n<p><span style=\"font-weight: 400;\">Dopo la pausa pranzo, ci avviamo verso la <strong>Laguna Verde<\/strong>, oggi non troppo verde, perch\u00e8 c&#8217;\u00e8 poco vento. In ogni caso, \u00e8 bellissima e come sfondo ha quel bestione del <strong>vulcano Licancabur<\/strong>, giusto per completare un paesaggio che toglie il fiato. <\/span><\/p>\n<p><span style=\"font-weight: 400;\">Questa laguna \u00e8 \u00a0tossica per via dell&#8217;alta concentrazione di arsenico. Nei paraggi si trova anche la <strong>Laguna Blanca<\/strong>, a due passi dal confine con il <strong>Cile<\/strong>: l&#8217;avevo ammirata nel mio precedente viaggio arrivando da<strong> San Pedro de Atacama<\/strong>, ma quest&#8217;anno l&#8217;abbiamo saltata.<\/span><\/p>\n<p><img loading=\"lazy\" decoding=\"async\" class=\"alignnone size-full wp-image-3338\" src=\"https:\/\/www.mondeando.com\/vivereviaggiando\/wp-content\/uploads\/2019\/01\/25507643_10214581633875512_298216823922769093_n.jpg\" alt=\"\" width=\"960\" height=\"686\" srcset=\"https:\/\/www.mondeando.com\/vivereviaggiando\/wp-content\/uploads\/2019\/01\/25507643_10214581633875512_298216823922769093_n.jpg 960w, https:\/\/www.mondeando.com\/vivereviaggiando\/wp-content\/uploads\/2019\/01\/25507643_10214581633875512_298216823922769093_n-300x214.jpg 300w, https:\/\/www.mondeando.com\/vivereviaggiando\/wp-content\/uploads\/2019\/01\/25507643_10214581633875512_298216823922769093_n-768x549.jpg 768w, https:\/\/www.mondeando.com\/vivereviaggiando\/wp-content\/uploads\/2019\/01\/25507643_10214581633875512_298216823922769093_n-600x429.jpg 600w, https:\/\/www.mondeando.com\/vivereviaggiando\/wp-content\/uploads\/2019\/01\/25507643_10214581633875512_298216823922769093_n-800x572.jpg 800w\" sizes=\"auto, (max-width: 960px) 100vw, 960px\" \/><\/p>\n<p><span style=\"font-weight: 400;\">Prossima fermata: il <strong>deserto di Dal\u00ec<\/strong>, che si chiama cos\u00ec perch\u00e8 il paesaggio ricorda alcuni dipinti del pittore spagnolo (che per\u00f2 non \u00e8 mai passato da queste zone!). Arrivati al<strong> Sol de Manana<\/strong> si ha gi\u00e0 la sensazione di essere dispersi su qualche pianeta sconosciuto. Qui siamo nel punto pi\u00f9 alto del tour, intorno i 5000 mt; da degli enormi gayser escono vapore e acqua e ci si finisce inevitabilmente dentro.<\/span><\/p>\n<p><img loading=\"lazy\" decoding=\"async\" class=\"alignnone size-full wp-image-3337\" src=\"https:\/\/www.mondeando.com\/vivereviaggiando\/wp-content\/uploads\/2019\/01\/29570418_10215496795033969_8514315532392503199_n.jpg\" alt=\"\" width=\"960\" height=\"736\" srcset=\"https:\/\/www.mondeando.com\/vivereviaggiando\/wp-content\/uploads\/2019\/01\/29570418_10215496795033969_8514315532392503199_n.jpg 960w, https:\/\/www.mondeando.com\/vivereviaggiando\/wp-content\/uploads\/2019\/01\/29570418_10215496795033969_8514315532392503199_n-300x230.jpg 300w, https:\/\/www.mondeando.com\/vivereviaggiando\/wp-content\/uploads\/2019\/01\/29570418_10215496795033969_8514315532392503199_n-768x589.jpg 768w, https:\/\/www.mondeando.com\/vivereviaggiando\/wp-content\/uploads\/2019\/01\/29570418_10215496795033969_8514315532392503199_n-600x460.jpg 600w, https:\/\/www.mondeando.com\/vivereviaggiando\/wp-content\/uploads\/2019\/01\/29570418_10215496795033969_8514315532392503199_n-800x613.jpg 800w\" sizes=\"auto, (max-width: 960px) 100vw, 960px\" \/><\/p>\n<p><span style=\"font-weight: 400;\">Ma il pezzo forte della giornata non \u00e8 ancora arrivato. Man mano che ci si avvicina, inizia a prendere forma la <strong>laguna Colorad<\/strong>a, con la sua inconfondibile tonalit\u00e0 rossa e le migliaia di fenicotteri, insieme ad un branco di<strong> vicune<\/strong> selvatiche, che vengono ad accoglierci. <\/span><\/p>\n<p><span style=\"font-weight: 400;\">Come si pu\u00f2 descrivere questo posto senza farsi dare del pazzo? Sembra pura fantascienza, ma qui non ci sono <strong>effetti speciali<\/strong>: l&#8217;acqua \u00e8 davvero di un rosso intenso, dovuto dalla deposizione di sedimenti ferrosi, dalla presenza di microorganismi e dalla pigmentazione di alcune <\/span><span style=\"font-weight: 400;\">alghe.<\/span><\/p>\n<p><span style=\"font-weight: 400;\"> Sinceramente, davanti a questo spettacolo ci si fa poche domande, si ammira in silenzio.\u00a0<\/span><span style=\"font-weight: 400;\">La notte si passa a <strong>Huayllajara<\/strong>, una localit\u00e0 nata proprio per accogliere i turisti che passano da queste parti.<\/span><\/p>\n<p><img loading=\"lazy\" decoding=\"async\" class=\"alignnone size-full wp-image-3336\" src=\"https:\/\/www.mondeando.com\/vivereviaggiando\/wp-content\/uploads\/2019\/01\/25508049_10214581623915263_3859776987756535381_n.jpg\" alt=\"\" width=\"960\" height=\"640\" srcset=\"https:\/\/www.mondeando.com\/vivereviaggiando\/wp-content\/uploads\/2019\/01\/25508049_10214581623915263_3859776987756535381_n.jpg 960w, https:\/\/www.mondeando.com\/vivereviaggiando\/wp-content\/uploads\/2019\/01\/25508049_10214581623915263_3859776987756535381_n-300x200.jpg 300w, https:\/\/www.mondeando.com\/vivereviaggiando\/wp-content\/uploads\/2019\/01\/25508049_10214581623915263_3859776987756535381_n-768x512.jpg 768w, https:\/\/www.mondeando.com\/vivereviaggiando\/wp-content\/uploads\/2019\/01\/25508049_10214581623915263_3859776987756535381_n-600x400.jpg 600w, https:\/\/www.mondeando.com\/vivereviaggiando\/wp-content\/uploads\/2019\/01\/25508049_10214581623915263_3859776987756535381_n-800x533.jpg 800w, https:\/\/www.mondeando.com\/vivereviaggiando\/wp-content\/uploads\/2019\/01\/25508049_10214581623915263_3859776987756535381_n-227x152.jpg 227w, https:\/\/www.mondeando.com\/vivereviaggiando\/wp-content\/uploads\/2019\/01\/25508049_10214581623915263_3859776987756535381_n-143x96.jpg 143w, https:\/\/www.mondeando.com\/vivereviaggiando\/wp-content\/uploads\/2019\/01\/25508049_10214581623915263_3859776987756535381_n-585x390.jpg 585w, https:\/\/www.mondeando.com\/vivereviaggiando\/wp-content\/uploads\/2019\/01\/25508049_10214581623915263_3859776987756535381_n-385x257.jpg 385w\" sizes=\"auto, (max-width: 960px) 100vw, 960px\" \/><\/p>\n<p><strong>Giorno 3: Huayllajara \u2013 Puerto Chuvica<\/strong><\/p>\n<p><span style=\"font-weight: 400;\">Come al solito ci si sveglia presto, aiutiamo Panchito a caricare la macchina con i nostri pesanti zaini e partiamo. Ci fermiamo quasi subito per ammirare la <strong>laguna Colorada<\/strong> da un&#8217;altra prospettiva: al mattino \u00e8 di un diverso colore, bianca e blu scuro, davvero incredibile!<\/span><\/p>\n<p><span style=\"font-weight: 400;\">Entriamo nel <strong>deserto di Sioli<\/strong> e ci fermiamo a scattare qualche foto al famoso <\/span><strong><i>Arbol de piedra<\/i><\/strong><span style=\"font-weight: 400;\">: questa parte di deserto \u00e8 caratterizzato appunto da una serie di rocce dalle forme fantasiose e quest&#8217;ultima ricorda appunto un albero.<\/span><\/p>\n<p><img loading=\"lazy\" decoding=\"async\" class=\"alignnone size-full wp-image-3335\" src=\"https:\/\/www.mondeando.com\/vivereviaggiando\/wp-content\/uploads\/2019\/01\/25591821_10214581626595330_3785889963986761015_n.jpg\" alt=\"\" width=\"960\" height=\"640\" srcset=\"https:\/\/www.mondeando.com\/vivereviaggiando\/wp-content\/uploads\/2019\/01\/25591821_10214581626595330_3785889963986761015_n.jpg 960w, https:\/\/www.mondeando.com\/vivereviaggiando\/wp-content\/uploads\/2019\/01\/25591821_10214581626595330_3785889963986761015_n-300x200.jpg 300w, https:\/\/www.mondeando.com\/vivereviaggiando\/wp-content\/uploads\/2019\/01\/25591821_10214581626595330_3785889963986761015_n-768x512.jpg 768w, https:\/\/www.mondeando.com\/vivereviaggiando\/wp-content\/uploads\/2019\/01\/25591821_10214581626595330_3785889963986761015_n-600x400.jpg 600w, https:\/\/www.mondeando.com\/vivereviaggiando\/wp-content\/uploads\/2019\/01\/25591821_10214581626595330_3785889963986761015_n-800x533.jpg 800w, https:\/\/www.mondeando.com\/vivereviaggiando\/wp-content\/uploads\/2019\/01\/25591821_10214581626595330_3785889963986761015_n-227x152.jpg 227w, https:\/\/www.mondeando.com\/vivereviaggiando\/wp-content\/uploads\/2019\/01\/25591821_10214581626595330_3785889963986761015_n-143x96.jpg 143w, https:\/\/www.mondeando.com\/vivereviaggiando\/wp-content\/uploads\/2019\/01\/25591821_10214581626595330_3785889963986761015_n-585x390.jpg 585w, https:\/\/www.mondeando.com\/vivereviaggiando\/wp-content\/uploads\/2019\/01\/25591821_10214581626595330_3785889963986761015_n-385x257.jpg 385w\" sizes=\"auto, (max-width: 960px) 100vw, 960px\" \/><\/p>\n<p><span style=\"font-weight: 400;\">La giornata ha una svolta quando si arriva alle<strong> lagune Honda e Hedionda<\/strong>. Il cielo punteggiato di piccole nuvole, le montagne e le lagune, i fenicotteri, i colori&#8230; sembra di essere all\u2019interno di un dipinto, il paesaggio sembra muoversi dinamicamente, creando un effetto ottico quasi psichedelico. <\/span><\/p>\n<p><span style=\"font-weight: 400;\">Questo \u00e8 davvero una dei posti pi\u00f9 incredibili che io abbia mai visto. Non ci si annoia un minuto. Mentre la <strong>Toyota di Panchito<\/strong> macina chilometri, sollevando un polverone, noi siamo spettatori inconsapevoli di ogni meraviglia che troviamo svoltato l&#8217;angolo.<\/span><\/p>\n<p><img loading=\"lazy\" decoding=\"async\" class=\"alignnone size-full wp-image-3334\" src=\"https:\/\/www.mondeando.com\/vivereviaggiando\/wp-content\/uploads\/2019\/01\/29571183_10215496791393878_9044756845113347837_n.jpg\" alt=\"\" width=\"960\" height=\"640\" srcset=\"https:\/\/www.mondeando.com\/vivereviaggiando\/wp-content\/uploads\/2019\/01\/29571183_10215496791393878_9044756845113347837_n.jpg 960w, https:\/\/www.mondeando.com\/vivereviaggiando\/wp-content\/uploads\/2019\/01\/29571183_10215496791393878_9044756845113347837_n-300x200.jpg 300w, https:\/\/www.mondeando.com\/vivereviaggiando\/wp-content\/uploads\/2019\/01\/29571183_10215496791393878_9044756845113347837_n-768x512.jpg 768w, https:\/\/www.mondeando.com\/vivereviaggiando\/wp-content\/uploads\/2019\/01\/29571183_10215496791393878_9044756845113347837_n-600x400.jpg 600w, https:\/\/www.mondeando.com\/vivereviaggiando\/wp-content\/uploads\/2019\/01\/29571183_10215496791393878_9044756845113347837_n-800x533.jpg 800w, https:\/\/www.mondeando.com\/vivereviaggiando\/wp-content\/uploads\/2019\/01\/29571183_10215496791393878_9044756845113347837_n-227x152.jpg 227w, https:\/\/www.mondeando.com\/vivereviaggiando\/wp-content\/uploads\/2019\/01\/29571183_10215496791393878_9044756845113347837_n-143x96.jpg 143w, https:\/\/www.mondeando.com\/vivereviaggiando\/wp-content\/uploads\/2019\/01\/29571183_10215496791393878_9044756845113347837_n-585x390.jpg 585w, https:\/\/www.mondeando.com\/vivereviaggiando\/wp-content\/uploads\/2019\/01\/29571183_10215496791393878_9044756845113347837_n-385x257.jpg 385w\" sizes=\"auto, (max-width: 960px) 100vw, 960px\" \/><\/p>\n<p><span style=\"font-size: 1.6rem;\">Dopo aver imboccato un canyon e attraversato corsi d&#8217;acqua, arriviamo alla <\/span><strong style=\"font-size: 1.6rem;\">Laguna Turquiri<\/strong><span style=\"font-size: 1.6rem;\">, anche questa abbastanza difficile da descrivere. Intorno alla laguna corrono decine di <\/span><strong style=\"font-size: 1.6rem;\">viscachas<\/strong><span style=\"font-size: 1.6rem;\">, i conigli andini, vedo anche una volpe del deserto. (Penso che sappiano che qui si fermano a mangiare le carovane di turisti.)<\/span><\/p>\n<p><span style=\"font-weight: 400;\"> Proseguendo, ci fermiamo a scattare qualche foto sulla linea <strong>ferroviaria<\/strong> che collega<strong> Calama a Uyuni<\/strong> (qui qualche hanno fa avevo visto anche passare un treno merci!). Rapidamente ci rimettiamo in viaggio e centinaia di lama ci accompagnano fino all&#8217;ingresso della polverosa <strong>San Juan<\/strong>, dove faremo una pausa.<\/span><\/p>\n<p><img loading=\"lazy\" decoding=\"async\" class=\"alignnone size-full wp-image-3333\" src=\"https:\/\/www.mondeando.com\/vivereviaggiando\/wp-content\/uploads\/2019\/01\/29597706_10215496796033994_7666216709719291589_n.jpg\" alt=\"\" width=\"960\" height=\"720\" srcset=\"https:\/\/www.mondeando.com\/vivereviaggiando\/wp-content\/uploads\/2019\/01\/29597706_10215496796033994_7666216709719291589_n.jpg 960w, https:\/\/www.mondeando.com\/vivereviaggiando\/wp-content\/uploads\/2019\/01\/29597706_10215496796033994_7666216709719291589_n-300x225.jpg 300w, https:\/\/www.mondeando.com\/vivereviaggiando\/wp-content\/uploads\/2019\/01\/29597706_10215496796033994_7666216709719291589_n-768x576.jpg 768w, https:\/\/www.mondeando.com\/vivereviaggiando\/wp-content\/uploads\/2019\/01\/29597706_10215496796033994_7666216709719291589_n-600x450.jpg 600w, https:\/\/www.mondeando.com\/vivereviaggiando\/wp-content\/uploads\/2019\/01\/29597706_10215496796033994_7666216709719291589_n-800x600.jpg 800w, https:\/\/www.mondeando.com\/vivereviaggiando\/wp-content\/uploads\/2019\/01\/29597706_10215496796033994_7666216709719291589_n-141x106.jpg 141w, https:\/\/www.mondeando.com\/vivereviaggiando\/wp-content\/uploads\/2019\/01\/29597706_10215496796033994_7666216709719291589_n-380x285.jpg 380w, https:\/\/www.mondeando.com\/vivereviaggiando\/wp-content\/uploads\/2019\/01\/29597706_10215496796033994_7666216709719291589_n-247x186.jpg 247w\" sizes=\"auto, (max-width: 960px) 100vw, 960px\" \/><\/p>\n<p><span style=\"font-weight: 400;\">La giornata sta per finire e arriviamo a <strong>Puerto Chuvica<\/strong> giusto in tempo per il tramonto e per dare un primo sguardo al <strong>Salar di Uyuni<\/strong>, che si apre davanti ai nostri occhi in tutta la sua vastit\u00e0.<\/span><\/p>\n<p><span style=\"font-weight: 400;\"> Passiamo la notte in un hotel di sale veramente bello, con tanto di doccia calda (a pagamento) e un tavolo da biliardo. Panchito ci racconta l&#8217;ultima favola della buonanotte e andiamo a dormire molto presto: domani la sveglia \u00e8 alle 3.30 del mattino! <\/span><\/p>\n<blockquote class=\"instagram-media\" data-instgrm-captioned data-instgrm-permalink=\"https:\/\/www.instagram.com\/p\/BdDIpC0jV_7\/?utm_source=ig_embed&amp;utm_campaign=loading\" data-instgrm-version=\"12\" style=\" background:#FFF; border:0; border-radius:3px; box-shadow:0 0 1px 0 rgba(0,0,0,0.5),0 1px 10px 0 rgba(0,0,0,0.15); margin: 1px; max-width:658px; min-width:326px; padding:0; width:99.375%; width:-webkit-calc(100% - 2px); width:calc(100% - 2px);\">\n<div style=\"padding:16px;\"> <a href=\"https:\/\/www.instagram.com\/p\/BdDIpC0jV_7\/?utm_source=ig_embed&amp;utm_campaign=loading\" style=\" background:#FFFFFF; line-height:0; padding:0 0; text-align:center; text-decoration:none; width:100%;\" target=\"_blank\"> <\/p>\n<div style=\" display: flex; flex-direction: row; align-items: center;\">\n<div style=\"background-color: #F4F4F4; border-radius: 50%; flex-grow: 0; height: 40px; margin-right: 14px; width: 40px;\"><\/div>\n<div style=\"display: flex; flex-direction: column; flex-grow: 1; justify-content: center;\">\n<div style=\" background-color: #F4F4F4; border-radius: 4px; flex-grow: 0; height: 14px; margin-bottom: 6px; width: 100px;\"><\/div>\n<div style=\" background-color: #F4F4F4; border-radius: 4px; flex-grow: 0; height: 14px; width: 60px;\"><\/div>\n<\/div>\n<\/div>\n<div style=\"padding: 19% 0;\"><\/div>\n<div style=\"display:block; height:50px; margin:0 auto 12px; width:50px;\"><svg width=\"50px\" height=\"50px\" viewBox=\"0 0 60 60\" version=\"1.1\" xmlns=\"https:\/\/www.w3.org\/2000\/svg\" xmlns:xlink=\"https:\/\/www.w3.org\/1999\/xlink\"><g stroke=\"none\" stroke-width=\"1\" fill=\"none\" fill-rule=\"evenodd\"><g transform=\"translate(-511.000000, -20.000000)\" fill=\"#000000\"><g><path d=\"M556.869,30.41 C554.814,30.41 553.148,32.076 553.148,34.131 C553.148,36.186 554.814,37.852 556.869,37.852 C558.924,37.852 560.59,36.186 560.59,34.131 C560.59,32.076 558.924,30.41 556.869,30.41 M541,60.657 C535.114,60.657 530.342,55.887 530.342,50 C530.342,44.114 535.114,39.342 541,39.342 C546.887,39.342 551.658,44.114 551.658,50 C551.658,55.887 546.887,60.657 541,60.657 M541,33.886 C532.1,33.886 524.886,41.1 524.886,50 C524.886,58.899 532.1,66.113 541,66.113 C549.9,66.113 557.115,58.899 557.115,50 C557.115,41.1 549.9,33.886 541,33.886 M565.378,62.101 C565.244,65.022 564.756,66.606 564.346,67.663 C563.803,69.06 563.154,70.057 562.106,71.106 C561.058,72.155 560.06,72.803 558.662,73.347 C557.607,73.757 556.021,74.244 553.102,74.378 C549.944,74.521 548.997,74.552 541,74.552 C533.003,74.552 532.056,74.521 528.898,74.378 C525.979,74.244 524.393,73.757 523.338,73.347 C521.94,72.803 520.942,72.155 519.894,71.106 C518.846,70.057 518.197,69.06 517.654,67.663 C517.244,66.606 516.755,65.022 516.623,62.101 C516.479,58.943 516.448,57.996 516.448,50 C516.448,42.003 516.479,41.056 516.623,37.899 C516.755,34.978 517.244,33.391 517.654,32.338 C518.197,30.938 518.846,29.942 519.894,28.894 C520.942,27.846 521.94,27.196 523.338,26.654 C524.393,26.244 525.979,25.756 528.898,25.623 C532.057,25.479 533.004,25.448 541,25.448 C548.997,25.448 549.943,25.479 553.102,25.623 C556.021,25.756 557.607,26.244 558.662,26.654 C560.06,27.196 561.058,27.846 562.106,28.894 C563.154,29.942 563.803,30.938 564.346,32.338 C564.756,33.391 565.244,34.978 565.378,37.899 C565.522,41.056 565.552,42.003 565.552,50 C565.552,57.996 565.522,58.943 565.378,62.101 M570.82,37.631 C570.674,34.438 570.167,32.258 569.425,30.349 C568.659,28.377 567.633,26.702 565.965,25.035 C564.297,23.368 562.623,22.342 560.652,21.575 C558.743,20.834 556.562,20.326 553.369,20.18 C550.169,20.033 549.148,20 541,20 C532.853,20 531.831,20.033 528.631,20.18 C525.438,20.326 523.257,20.834 521.349,21.575 C519.376,22.342 517.703,23.368 516.035,25.035 C514.368,26.702 513.342,28.377 512.574,30.349 C511.834,32.258 511.326,34.438 511.181,37.631 C511.035,40.831 511,41.851 511,50 C511,58.147 511.035,59.17 511.181,62.369 C511.326,65.562 511.834,67.743 512.574,69.651 C513.342,71.625 514.368,73.296 516.035,74.965 C517.703,76.634 519.376,77.658 521.349,78.425 C523.257,79.167 525.438,79.673 528.631,79.82 C531.831,79.965 532.853,80.001 541,80.001 C549.148,80.001 550.169,79.965 553.369,79.82 C556.562,79.673 558.743,79.167 560.652,78.425 C562.623,77.658 564.297,76.634 565.965,74.965 C567.633,73.296 568.659,71.625 569.425,69.651 C570.167,67.743 570.674,65.562 570.82,62.369 C570.966,59.17 571,58.147 571,50 C571,41.851 570.966,40.831 570.82,37.631\"><\/path><\/g><\/g><\/g><\/svg><\/div>\n<div style=\"padding-top: 8px;\">\n<div style=\" color:#3897f0; font-family:Arial,sans-serif; font-size:14px; font-style:normal; font-weight:550; line-height:18px;\"> View this post on Instagram<\/div>\n<\/div>\n<div style=\"padding: 12.5% 0;\"><\/div>\n<div style=\"display: flex; flex-direction: row; margin-bottom: 14px; align-items: center;\">\n<div>\n<div style=\"background-color: #F4F4F4; border-radius: 50%; height: 12.5px; width: 12.5px; transform: translateX(0px) translateY(7px);\"><\/div>\n<div style=\"background-color: #F4F4F4; height: 12.5px; transform: rotate(-45deg) translateX(3px) translateY(1px); width: 12.5px; flex-grow: 0; margin-right: 14px; margin-left: 2px;\"><\/div>\n<div style=\"background-color: #F4F4F4; border-radius: 50%; height: 12.5px; width: 12.5px; transform: translateX(9px) translateY(-18px);\"><\/div>\n<\/div>\n<div style=\"margin-left: 8px;\">\n<div style=\" background-color: #F4F4F4; border-radius: 50%; flex-grow: 0; height: 20px; width: 20px;\"><\/div>\n<div style=\" width: 0; height: 0; border-top: 2px solid transparent; border-left: 6px solid #f4f4f4; border-bottom: 2px solid transparent; transform: translateX(16px) translateY(-4px) rotate(30deg)\"><\/div>\n<\/div>\n<div style=\"margin-left: auto;\">\n<div style=\" width: 0px; border-top: 8px solid #F4F4F4; border-right: 8px solid transparent; transform: translateY(16px);\"><\/div>\n<div style=\" background-color: #F4F4F4; flex-grow: 0; height: 12px; width: 16px; transform: translateY(-4px);\"><\/div>\n<div style=\" width: 0; height: 0; border-top: 8px solid #F4F4F4; border-left: 8px solid transparent; transform: translateY(-4px) translateX(8px);\"><\/div>\n<\/div>\n<\/div>\n<p><\/a> <\/p>\n<p style=\" margin:8px 0 0 0; padding:0 4px;\"> <a href=\"https:\/\/www.instagram.com\/p\/BdDIpC0jV_7\/?utm_source=ig_embed&amp;utm_campaign=loading\" style=\" color:#000; font-family:Arial,sans-serif; font-size:14px; font-style:normal; font-weight:normal; line-height:17px; text-decoration:none; word-wrap:break-word;\" target=\"_blank\">Aspettando il treno per il Salar de Uyuni \ud83d\ude82\ud83d\ude83\ud83d\ude83\ud83d\ude83 . . #mondeando #Bolivia #laguna #sudamerica #mondeando #panorama #deserto #treno #desert #americalatina #SouthAmerica #travel #travelling #trip #travelblog #discover #zainoinspalla #girodelmondo #backpacker #mytravelgram #instago #instapassport #instagood #ontheroad #explore #train &#8211; www.mondeando.com<\/a><\/p>\n<p style=\" color:#c9c8cd; font-family:Arial,sans-serif; font-size:14px; line-height:17px; margin-bottom:0; margin-top:8px; overflow:hidden; padding:8px 0 7px; text-align:center; text-overflow:ellipsis; white-space:nowrap;\">A post shared by <a href=\"https:\/\/www.instagram.com\/mondeando_aroundtheworld\/?utm_source=ig_embed&amp;utm_campaign=loading\" style=\" color:#c9c8cd; font-family:Arial,sans-serif; font-size:14px; font-style:normal; font-weight:normal; line-height:17px;\" target=\"_blank\"> Mondeando<\/a> (@mondeando_aroundtheworld) on <time style=\" font-family:Arial,sans-serif; font-size:14px; line-height:17px;\" datetime=\"2017-12-23T14:59:54+00:00\">Dec 23, 2017 at 6:59am PST<\/time><\/p>\n<\/div>\n<\/blockquote>\n<p><script async src=\"\/\/www.instagram.com\/embed.js\"><\/script><\/p>\n<p><strong>Giorno 4: Puerto Chuvica \u2013 Uyuni.<\/strong><\/p>\n<p><span style=\"font-weight: 400;\">Mi affaccio ad osservare il cielo stellato: siamo ancora in piena notte e a queste altezze il cielo brilla come in nessun&#8217;altra parte del mondo. Una <strong>pioggia di stelle cadenti<\/strong> mi lascia una buona mezz&#8217;ora con il naso all&#8217;ins\u00f9.<\/span><\/p>\n<p><span style=\"font-weight: 400;\">Questa mattina la giornata inizia con una corsa contro il tempo per veder sorgere il sole dalla cima dell<strong>&#8216;isola Incahuasi<\/strong>, una piccola collina ricoperta di cactus nel mezzo del pi\u00f9 grande e immenso <\/span><i><span style=\"font-weight: 400;\">salar <\/span><\/i><span style=\"font-weight: 400;\">del mondo. <\/span><\/p>\n<p><span style=\"font-weight: 400;\">Mi ritengo fortunato ad assistere per la seconda volta nella mia vita a questo spettacolo: giuro che tornerei qui altre 100 volte. Gradualmente la luce del sole illumina questa immensa distesa desertica, il cielo diventa di un blu intenso e il sale si accende di un bianco accecante.<\/span><\/p>\n<p><img loading=\"lazy\" decoding=\"async\" class=\"alignnone size-full wp-image-3332\" src=\"https:\/\/www.mondeando.com\/vivereviaggiando\/wp-content\/uploads\/2019\/01\/29570753_10215496798554057_8308343905025133424_n.jpg\" alt=\"\" width=\"960\" height=\"700\" srcset=\"https:\/\/www.mondeando.com\/vivereviaggiando\/wp-content\/uploads\/2019\/01\/29570753_10215496798554057_8308343905025133424_n.jpg 960w, https:\/\/www.mondeando.com\/vivereviaggiando\/wp-content\/uploads\/2019\/01\/29570753_10215496798554057_8308343905025133424_n-300x219.jpg 300w, https:\/\/www.mondeando.com\/vivereviaggiando\/wp-content\/uploads\/2019\/01\/29570753_10215496798554057_8308343905025133424_n-768x560.jpg 768w, https:\/\/www.mondeando.com\/vivereviaggiando\/wp-content\/uploads\/2019\/01\/29570753_10215496798554057_8308343905025133424_n-600x438.jpg 600w, https:\/\/www.mondeando.com\/vivereviaggiando\/wp-content\/uploads\/2019\/01\/29570753_10215496798554057_8308343905025133424_n-800x583.jpg 800w\" sizes=\"auto, (max-width: 960px) 100vw, 960px\" \/><\/p>\n<p><span style=\"font-weight: 400;\">Ultima colazione in compagnia di quell&#8217;enciclopedia vivente di Panchito, e ci dileguiamo nel mezzo del <\/span><strong><i>salar\u00a0 de Uyuni ,\u00a0<\/i><\/strong><span style=\"font-weight: 400;\">fino a perdere ogni punto di riferimento. A questo punto \u00e8 consuetudine fare foto simpatiche giocando con la prospettiva. <\/span><\/p>\n<p><span style=\"font-weight: 400;\">Ora bisogna essere creativi e ancora una volta Panchito si rivela essere una superstar, improvvisandosi esperto fotografo. Riprendiamo il cammino verso <strong>Colchani.<\/strong> Un\u2019accozzaglia di case, negozi di souvenir, monumenti pacchiani. (come quello della <strong>Parigi -Dakar<\/strong>, la corsa rally che negli ultimi anni \u00e8 passata pi\u00f9 volte da Uyuni).<\/span><\/p>\n<p><a href=\"https:\/\/www.mondeando.com\/vivereviaggiando\/wp-content\/uploads\/2019\/01\/DSC_0444-01_new.jpg\"><img loading=\"lazy\" decoding=\"async\" class=\"alignnone size-large wp-image-2914\" src=\"https:\/\/www.mondeando.com\/vivereviaggiando\/wp-content\/uploads\/2019\/01\/DSC_0444-01_new-1024x683.jpg\" alt=\"\" width=\"1024\" height=\"683\" srcset=\"https:\/\/www.mondeando.com\/vivereviaggiando\/wp-content\/uploads\/2019\/01\/DSC_0444-01_new-1024x683.jpg 1024w, https:\/\/www.mondeando.com\/vivereviaggiando\/wp-content\/uploads\/2019\/01\/DSC_0444-01_new-600x400.jpg 600w, https:\/\/www.mondeando.com\/vivereviaggiando\/wp-content\/uploads\/2019\/01\/DSC_0444-01_new-300x200.jpg 300w, https:\/\/www.mondeando.com\/vivereviaggiando\/wp-content\/uploads\/2019\/01\/DSC_0444-01_new-768x512.jpg 768w, https:\/\/www.mondeando.com\/vivereviaggiando\/wp-content\/uploads\/2019\/01\/DSC_0444-01_new-800x533.jpg 800w, https:\/\/www.mondeando.com\/vivereviaggiando\/wp-content\/uploads\/2019\/01\/DSC_0444-01_new-227x152.jpg 227w, https:\/\/www.mondeando.com\/vivereviaggiando\/wp-content\/uploads\/2019\/01\/DSC_0444-01_new-143x96.jpg 143w, https:\/\/www.mondeando.com\/vivereviaggiando\/wp-content\/uploads\/2019\/01\/DSC_0444-01_new-585x390.jpg 585w, https:\/\/www.mondeando.com\/vivereviaggiando\/wp-content\/uploads\/2019\/01\/DSC_0444-01_new-385x257.jpg 385w, https:\/\/www.mondeando.com\/vivereviaggiando\/wp-content\/uploads\/2019\/01\/DSC_0444-01_new.jpg 1620w\" sizes=\"auto, (max-width: 1024px) 100vw, 1024px\" \/><\/a><\/p>\n<p><span style=\"font-weight: 400;\">Qui si trova anche il primo hotel di sale (ormai un po\u2019 datato e forse pi\u00f9 famoso per l&#8217;isola di bandiere internazionali al suo esterno) e altre cose di cui avremmo potuto fare a meno. Ci fermiamo per \u00a0pranzo e partiamo per l&#8217;ultima tappa del tour, il <strong>cimitero dei treni<\/strong>.<\/span><\/p>\n<p><span style=\"font-weight: 400;\"> Anche qui, non riesco a trovare un senso in questa esposizione. Se non nel gusto dei turisti nel farsi qualche selfie con un ammasso di <strong>rottami arrugginiti.<\/strong> Per\u00f2 ho sentito pareri contrastanti, qualcuno lo ritiene affascinante.<\/span><\/p>\n<p><span style=\"font-weight: 400;\">Siamo finalmente arrivati nella citt\u00e0 di <strong>Uyuni<\/strong>, dove finisce il tour per tutti ma non per noi, dato che riusciamo a scroccare a Panchito un passaggio verso <strong>Tupiza<\/strong>. Il mio consiglio: fatelo anche voi. Questo tratto di strada che unisce Uyuni a Tupiza \u00e8 stratosferico.<\/span><a href=\"https:\/\/www.mondeando.com\/vivereviaggiando\/wp-content\/uploads\/2019\/01\/DSC_1037-01_new.jpg\"><img loading=\"lazy\" decoding=\"async\" class=\"alignnone size-large wp-image-2915\" src=\"https:\/\/www.mondeando.com\/vivereviaggiando\/wp-content\/uploads\/2019\/01\/DSC_1037-01_new-1024x683.jpg\" alt=\"\" width=\"1024\" height=\"683\" srcset=\"https:\/\/www.mondeando.com\/vivereviaggiando\/wp-content\/uploads\/2019\/01\/DSC_1037-01_new-1024x683.jpg 1024w, https:\/\/www.mondeando.com\/vivereviaggiando\/wp-content\/uploads\/2019\/01\/DSC_1037-01_new-600x400.jpg 600w, https:\/\/www.mondeando.com\/vivereviaggiando\/wp-content\/uploads\/2019\/01\/DSC_1037-01_new-300x200.jpg 300w, https:\/\/www.mondeando.com\/vivereviaggiando\/wp-content\/uploads\/2019\/01\/DSC_1037-01_new-768x512.jpg 768w, https:\/\/www.mondeando.com\/vivereviaggiando\/wp-content\/uploads\/2019\/01\/DSC_1037-01_new-800x533.jpg 800w, https:\/\/www.mondeando.com\/vivereviaggiando\/wp-content\/uploads\/2019\/01\/DSC_1037-01_new-227x152.jpg 227w, https:\/\/www.mondeando.com\/vivereviaggiando\/wp-content\/uploads\/2019\/01\/DSC_1037-01_new-143x96.jpg 143w, https:\/\/www.mondeando.com\/vivereviaggiando\/wp-content\/uploads\/2019\/01\/DSC_1037-01_new-585x390.jpg 585w, https:\/\/www.mondeando.com\/vivereviaggiando\/wp-content\/uploads\/2019\/01\/DSC_1037-01_new-385x257.jpg 385w, https:\/\/www.mondeando.com\/vivereviaggiando\/wp-content\/uploads\/2019\/01\/DSC_1037-01_new.jpg 1620w\" sizes=\"auto, (max-width: 1024px) 100vw, 1024px\" \/><\/a><\/p>\n<p><span style=\"font-weight: 400;\">Lo dico dopo aver passato 4 giorni a meravigliarmi di continuo. Anche qui si tratta di paesaggi desertici diversi, panorami bellissimi, qualche paesino impolverato che rallenta il cammino. Poi via con alti<strong> canyon, gole, montagne punteggiate di cactus, pareti rocciose frastagliate<\/strong>.\u00a0<\/span><\/p>\n<p><span style=\"font-weight: 400;\">Riusciamo anche a <strong>bucare una gomma<\/strong> nel guadare un fiume, non ci facciamo mancare proprio nulla! Ormai manca poco a Tupiza alla fine di questa epica avventura, che porter\u00f2 sempre con me come uno dei <strong>ricordi pi\u00f9 belli<\/strong> di tutto il mio viaggio. <\/span><\/p>\n<p>&nbsp;<\/p>\n","protected":false},"excerpt":{"rendered":"<p>Salar de Uyuni: 4 giorni a 4000mt. Tra lagune vulcani e cieli stellati. Da Potos\u00ec Raggiungiamo Tupiza per partire verso il Salar de Uyuny. I tour partono anche da San Pedro de Atacama e da Uyuni, ma questi durano un giorno in meno rispetto a quelli che partono da Tupiza.\u00a0Naturalmente i tour pi\u00f9 brevi sono <a class=\"read-more-link\" href=\"https:\/\/www.mondeando.com\/vivereviaggiando\/sud-america\/salar-de-uyuni\/\">Read More<\/a><\/p>\n","protected":false},"author":4,"featured_media":1948,"comment_status":"open","ping_status":"open","sticky":false,"template":"","format":"standard","meta":{"footnotes":""},"categories":[543,7],"tags":[575,586,563,585,584,577,578,521,719,522,497],"class_list":["post-1940","post","type-post","status-publish","format-standard","has-post-thumbnail","hentry","category-diario-di-viaggio","category-sud-america","tag-bolivia","tag-laguna-colorada","tag-lagune","tag-panchito","tag-reserva-nacional-de-fauna-andina-eduardo-abaroa","tag-salar","tag-salar-de-uyuni","tag-sudamerica","tag-tupiza","tag-uyuni","tag-vulcani"],"_links":{"self":[{"href":"https:\/\/www.mondeando.com\/vivereviaggiando\/wp-json\/wp\/v2\/posts\/1940","targetHints":{"allow":["GET"]}}],"collection":[{"href":"https:\/\/www.mondeando.com\/vivereviaggiando\/wp-json\/wp\/v2\/posts"}],"about":[{"href":"https:\/\/www.mondeando.com\/vivereviaggiando\/wp-json\/wp\/v2\/types\/post"}],"author":[{"embeddable":true,"href":"https:\/\/www.mondeando.com\/vivereviaggiando\/wp-json\/wp\/v2\/users\/4"}],"replies":[{"embeddable":true,"href":"https:\/\/www.mondeando.com\/vivereviaggiando\/wp-json\/wp\/v2\/comments?post=1940"}],"version-history":[{"count":11,"href":"https:\/\/www.mondeando.com\/vivereviaggiando\/wp-json\/wp\/v2\/posts\/1940\/revisions"}],"predecessor-version":[{"id":3345,"href":"https:\/\/www.mondeando.com\/vivereviaggiando\/wp-json\/wp\/v2\/posts\/1940\/revisions\/3345"}],"wp:featuredmedia":[{"embeddable":true,"href":"https:\/\/www.mondeando.com\/vivereviaggiando\/wp-json\/wp\/v2\/media\/1948"}],"wp:attachment":[{"href":"https:\/\/www.mondeando.com\/vivereviaggiando\/wp-json\/wp\/v2\/media?parent=1940"}],"wp:term":[{"taxonomy":"category","embeddable":true,"href":"https:\/\/www.mondeando.com\/vivereviaggiando\/wp-json\/wp\/v2\/categories?post=1940"},{"taxonomy":"post_tag","embeddable":true,"href":"https:\/\/www.mondeando.com\/vivereviaggiando\/wp-json\/wp\/v2\/tags?post=1940"}],"curies":[{"name":"wp","href":"https:\/\/api.w.org\/{rel}","templated":true}]}}